[{"@context":"https:\/\/schema.org\/","@type":"Article","@id":"https:\/\/www.ahmcr.cz\/panove-nezustanou-pozadu\/#Article","mainEntityOfPage":"https:\/\/www.ahmcr.cz\/panove-nezustanou-pozadu\/","headline":"P\u00e1nov\u00e9 nez\u016fstanou pozadu","name":"P\u00e1nov\u00e9 nez\u016fstanou pozadu","description":"Pravda je takov\u00e1, \u017ee v\u017edycky \u017eena byla za tu, kter\u00e1 se r\u00e1da par\u00e1d\u00ed a ukazuje se cel\u00e9mu sv\u00e9mu okol\u00ed za \u00fa\u010delem pochvalu \u010di kapky z\u00e1visti a \u017e\u00e1rlivosti. O \u010dem se v\u0161ak i dosud m\u00e1lo mluv\u00ed, je p\u00e1nsk\u00fd \u0161atn\u00edk. P\u0159itom pro\u010d [&hellip;]","datePublished":"2020-02-08","dateModified":"2023-04-29","author":{"@type":"Person","@id":"https:\/\/www.ahmcr.cz\/author\/#Person","name":"","url":"https:\/\/www.ahmcr.cz\/author\/","identifier":1,"image":{"@type":"ImageObject","@id":"https:\/\/secure.gravatar.com\/avatar\/2dfb47fe8ef5e1795dc8fdf9fc01f7f6e0de0c5b588d6a35abd2f00b6a65d2be?s=96&d=mm&r=g","url":"https:\/\/secure.gravatar.com\/avatar\/2dfb47fe8ef5e1795dc8fdf9fc01f7f6e0de0c5b588d6a35abd2f00b6a65d2be?s=96&d=mm&r=g","height":96,"width":96}},"publisher":{"@type":"Organization","name":"ahmcr.cz","logo":{"@type":"ImageObject","@id":"\/logo.png","url":"\/logo.png","width":600,"height":60}},"image":{"@type":"ImageObject","@id":"https:\/\/www.ahmcr.cz\/wp-content\/uploads\/img_a381598_w4400_t1592565058.jpg","url":"https:\/\/www.ahmcr.cz\/wp-content\/uploads\/img_a381598_w4400_t1592565058.jpg","height":0,"width":0},"url":"https:\/\/www.ahmcr.cz\/panove-nezustanou-pozadu\/","about":["N\u00e1kupy"],"wordCount":475,"articleBody":"      Pravda je takov\u00e1, \u017ee v\u017edycky \u017eena byla za tu, kter\u00e1 se r\u00e1da par\u00e1d\u00ed a ukazuje se cel\u00e9mu sv\u00e9mu okol\u00ed za \u00fa\u010delem pochvalu \u010di kapky z\u00e1visti a \u017e\u00e1rlivosti. O \u010dem se v\u0161ak i dosud m\u00e1lo mluv\u00ed, je p\u00e1nsk\u00fd \u0161atn\u00edk. P\u0159itom pro\u010d by se mu\u017ei m\u011bli cht\u00edt m\u00e9n\u011b l\u00edbit ne\u017e li d\u00e1my? Toto z\u016fst\u00e1v\u00e1 takov\u00fdm generov\u00fdm stereotypem \u2013 \u017eena vo\u0148av\u00e1 nal\u00ed\u010den\u00e1 a chlap, v\u017edy\u0165 tomu na vzhledu nez\u00e1le\u017e\u00ed! Ono tomu tak dnes nen\u00ed a mo\u017en\u00e1 tomu tak ani nikdy nebylo. Mo\u017en\u00e1 jen mu\u017ei necht\u011bli zast\u00ednit kr\u00e1su sv\u00fdch \u017een a z\u016fst\u00e1vali proto trochu v pozad\u00ed. Nic m\u00e9n\u011b, kdy\u017e se vr\u00e1t\u00edme do p\u0159\u00edtomnosti, tak krom\u011b pestr\u00e9ho p\u00e1nsk\u00e9ho \u0161atn\u00edku, m\u016f\u017eeme naj\u00edt v dom\u00e1cnostech mnoha mu\u017e\u016f kosmetick\u00e9 p\u0159\u00edpravky na ple\u0165, r\u016fzn\u00e9 kr\u00e9my, gely na vlasy \u010di dokonce make-up. A vlastn\u011b pro\u010d ne, i kdy\u017e se \u010dasto \u0159\u00edk\u00e1, na vzhledu nez\u00e1le\u017e\u00ed, v ka\u017ed\u00e9m z n\u00e1s je trochu t\u00e9 povrchnosti a z velk\u00e9 \u010d\u00e1sti n\u00e1s tato str\u00e1nka jin\u00e9 osoby dok\u00e1\u017ee ovlivnit v\u016f\u010di vz\u00e1jemn\u00e9mu vztahu.Nedbal\u00fd styl, n\u00e1ro\u010dn\u00fd styl \u010c\u00edm d\u00e1l \u010dast\u011bji se setk\u00e1v\u00e1me s mu\u017ei, kte\u0159\u00ed preferuj\u00ed styl \u201ed\u0159evorubec\u201c a tomu p\u0159izp\u016fsob\u00ed sv\u00e9 oble\u010den\u00ed a cel\u00fd vzhled. A\u010dkoliv tento vzhled m\u016f\u017ee p\u016fsobit ob\u010das a\u017e zanedban\u011b opak je pravdou. Co se t\u00fd\u010de \u00faprav vous\u016f a vlas\u016f, mu\u017ei \u010dasto nav\u0161t\u011bvuj\u00ed velmi drah\u00e9 salony a jejich kosmetick\u00e9 p\u0159\u00edpravky na vousy nejsou taky jedny z nejlevn\u011bj\u0161\u00ed. To sam\u00e9 se d\u00e1 \u0159\u00edct i o oble\u010den\u00ed, zejm\u00e9na ko\u0161il\u00edch.Spor\u0165\u00e1k Tito mu\u017ei sv\u016fj vzhled \u0159e\u0161\u00ed \u010d\u00e1ste\u010dn\u011b, je to nej\u010dast\u011bj\u0161\u00ed mu\u017esk\u00fd styl, pohodln\u00e9 d\u017e\u00edny a botasky. Jen se pod\u00edvejte po\u0159\u00e1dn\u011b i tato skupina mu\u017e\u016f chod\u00ed v\u011bt\u0161inou ve skv\u011ble slad\u011bn\u00fdch outfitech.Pan podnikatel Oblek a lak\u00fdrky, \u010dist\u00e1 ple\u0165 a stylov\u00fd \u00fa\u010des. P\u0159ich\u00e1z\u00ed pan mana\u017eer nebo tak\u00e9 podnikatel. I p\u0159esto, \u017ee dan\u00fd \u010dlov\u011bk v t\u00e9to sf\u00e9\u0159e ani pracovat nemus\u00ed, vypad\u00e1 prost\u011b v tomto oble\u010den\u00ed sebejist\u011b a velmi elegantn\u011b. Tak pro\u010d do toho nej\u00edt? Mo\u017en\u00e1 nen\u00ed f\u00e9r p\u0159i\u0159adit p\u00e1n\u016fm t\u0159i skupiny styl\u016f obl\u00e9k\u00e1n\u00ed, ale tato rovina je velmi obecn\u00e1. U \u017een je tomu vlastn\u011b dost podobn\u011b, ty kter\u00e9 nos\u00ed \u0161aty a podpatky a ty co daj\u00ed p\u0159ednost voln\u011bj\u0161\u00edmu stylu. \u00da\u010delem je zjistit, \u017ee i mu\u017ei se cht\u011bj\u00ed l\u00edbit a b\u00fdt od n\u00e1s chv\u00e1leni za sv\u016fj vzhled.                                                                                                                                                                                                                                                                                                                                                                                          4\/5 - (8 votes)        "},{"@context":"https:\/\/schema.org\/","@type":"BreadcrumbList","itemListElement":[{"@type":"ListItem","position":1,"name":"P\u00e1nov\u00e9 nez\u016fstanou pozadu","item":"https:\/\/www.ahmcr.cz\/panove-nezustanou-pozadu\/#breadcrumbitem"}]}]