[{"@context":"https:\/\/schema.org\/","@type":"Article","@id":"https:\/\/www.ahmcr.cz\/strach-nam-prekazi-pri-rizeni\/#Article","mainEntityOfPage":"https:\/\/www.ahmcr.cz\/strach-nam-prekazi-pri-rizeni\/","headline":"Strach n\u00e1m p\u0159ek\u00e1\u017e\u00ed p\u0159i \u0159\u00edzen\u00ed","name":"Strach n\u00e1m p\u0159ek\u00e1\u017e\u00ed p\u0159i \u0159\u00edzen\u00ed","description":"\u0158\u00edzen\u00ed auta n\u00e1m d\u00e1v\u00e1 opravdu velk\u00fd smysl a to takov\u00fd, jak\u00fd si sami z toho vytvo\u0159\u00edme. V prvn\u00ed \u0159ad\u011b se v\u016fbec nesm\u00edme b\u00e1t, proto\u017ee kdybychom se b\u00e1li, nemohli bychom m\u00edt \u017e\u00e1dn\u00e9 auto. Pokud je strach, museli bychom jezdit jenom autobusem, [&hellip;]","datePublished":"2024-05-18","dateModified":"2024-05-18","author":{"@type":"Person","@id":"https:\/\/www.ahmcr.cz\/author\/#Person","name":"","url":"https:\/\/www.ahmcr.cz\/author\/","identifier":1,"image":{"@type":"ImageObject","@id":"https:\/\/secure.gravatar.com\/avatar\/2dfb47fe8ef5e1795dc8fdf9fc01f7f6e0de0c5b588d6a35abd2f00b6a65d2be?s=96&d=mm&r=g","url":"https:\/\/secure.gravatar.com\/avatar\/2dfb47fe8ef5e1795dc8fdf9fc01f7f6e0de0c5b588d6a35abd2f00b6a65d2be?s=96&d=mm&r=g","height":96,"width":96}},"publisher":{"@type":"Organization","name":"ahmcr.cz","logo":{"@type":"ImageObject","@id":"\/logo.png","url":"\/logo.png","width":600,"height":60}},"image":{"@type":"ImageObject","@id":"https:\/\/www.ahmcr.cz\/wp-content\/uploads\/automotive-1838744_1280_4.jpg","url":"https:\/\/www.ahmcr.cz\/wp-content\/uploads\/automotive-1838744_1280_4.jpg","height":0,"width":0},"url":"https:\/\/www.ahmcr.cz\/strach-nam-prekazi-pri-rizeni\/","about":["Auto moto"],"wordCount":411,"articleBody":"\u0158\u00edzen\u00ed auta n\u00e1m d\u00e1v\u00e1 opravdu velk\u00fd smysl a to takov\u00fd, jak\u00fd si sami z toho vytvo\u0159\u00edme. V prvn\u00ed \u0159ad\u011b se v\u016fbec nesm\u00edme b\u00e1t, proto\u017ee kdybychom se b\u00e1li, nemohli bychom m\u00edt \u017e\u00e1dn\u00e9 auto. Pokud je strach, museli bychom jezdit jenom autobusem, vlakem nebo jinou dopravou. Ka\u017ed\u00fd \u010dlov\u011bk se narodil pro strach, proto\u017ee ka\u017ed\u00fd \u010dlov\u011bk se boj\u00ed. To je samoz\u0159ejm\u00e9. My ale mus\u00edme ud\u011blat v\u0161echno pro to, abychom se p\u0159estali b\u00e1t a ud\u011blali n\u011bjak\u00e9 kroky k tomu, abychom se prost\u011b zlep\u0161ili. V \u017eivot\u011b se d\u00e1 naprosto \u00fapln\u011b se v\u0161\u00edm kr\u00e1sn\u011b bojovat a v\u011b\u0159te, \u017ee opravdu, kdy\u017e budete bojovat, tak dok\u00e1\u017eete v \u017eivot\u011b ledacos. \u017divot je vlastn\u011b velk\u00e1 takov\u00e1 radost a kdy\u017e budete bojovat, uvid\u00edte, \u017ee opravdu v \u017eivot\u011b zvl\u00e1dnete cokoliv. J\u00e1 to tak prost\u011b m\u00e1m a sna\u017e\u00edm se opravdu tomu strachu v\u017edycky p\u0159edch\u00e1zet, proto\u017ee kdy\u017e p\u0159edch\u00e1z\u00edm strachu, pak vid\u00edm v\u0161echno pozitivn\u011b. Tak se mi mnohem v\u00edc da\u0159\u00ed a \u0159\u00edk\u00e1m si, \u017ee to je stra\u0161n\u011b fajn, \u017ee kone\u010dn\u011b jsem zase n\u011b\u010deho doc\u00edlila a n\u011bco jsem zase dok\u00e1zala. V \u017eivot\u011b se nesm\u00edme v\u0161eho ob\u00e1vat, mus\u00edme se opravdu sna\u017eit o to, abychom dostali to, co chceme, a sna\u017eili se myslet hlavn\u011b pozitivn\u011b. Pozitivn\u00ed my\u0161lenky jsou pro n\u00e1s v \u017eivot\u011b opravdu velice d\u016fle\u017eit\u00e9 a ty n\u00e1s pr\u00e1v\u011b posouvaj\u00ed dop\u0159edu. J\u00e1 jsem to tak v\u017edycky m\u011bla a p\u0159esn\u011b jsem to takhle c\u00edtila. A m\u016f\u017eu v\u00e1m \u0159\u00edct, \u017ee se mi opravdu hodn\u011b da\u0159\u00ed. Ve v\u0161em jsem na\u0161la n\u011bjakou z\u00e1libu, a hlavn\u011b n\u011bjak\u00e9 pozitivn\u00ed, kter\u00e9 m\u011b v\u017edycky opravdu vedlo naprosto dop\u0159edu. Je to opravdu velice fajn, kdy\u017e se v\u00e1m prost\u011b v \u017eivot\u011b da\u0159\u00ed, ale to je p\u0159esn\u011b t\u00edm, \u017ee nem\u00e1me ten strach. Kdybychom ten strach m\u011bli, tak bychom v \u017eivot\u011b neud\u011blali nic, proto\u017ee \u017eivot je o strachu, ale my si ho nesm\u00edme p\u0159ipou\u0161t\u011bt. V \u017eivot\u011b mus\u00edme myslet pozitivn\u011b, a to hlavn\u011b, kdy\u017e \u0159\u00edd\u00edme na\u0161e auto, proto\u017ee uvid\u00edte, \u017ee t\u00edm se v\u00e1m m\u00e9n\u011b hav\u00e1rek stane a bude se v\u00e1m da\u0159it mnohem l\u00edp.                                                                                                                                                                                                                                                                                                                                                                                        4.5\/5 - (8 votes)        "},{"@context":"https:\/\/schema.org\/","@type":"BreadcrumbList","itemListElement":[{"@type":"ListItem","position":1,"name":"Strach n\u00e1m p\u0159ek\u00e1\u017e\u00ed p\u0159i \u0159\u00edzen\u00ed","item":"https:\/\/www.ahmcr.cz\/strach-nam-prekazi-pri-rizeni\/#breadcrumbitem"}]}]