[{"@context":"https:\/\/schema.org\/","@type":"Article","@id":"https:\/\/www.ahmcr.cz\/uzasne-ubytovani-cervena-voda\/#Article","mainEntityOfPage":"https:\/\/www.ahmcr.cz\/uzasne-ubytovani-cervena-voda\/","headline":"\u00da\u017easn\u00e9 ubytov\u00e1n\u00ed \u010cerven\u00e1 voda.","name":"\u00da\u017easn\u00e9 ubytov\u00e1n\u00ed \u010cerven\u00e1 voda.","description":"P\u0159edstavte si tu atmosf\u00e9ru. Je jaro. Pt\u00e1\u010dci \u0161t\u011bbetaj\u00ed, stromy obr\u016fstaj\u00ed, tr\u00e1va ra\u0161\u00ed. Venku v\u0161echno tak n\u011bjak sv\u00e1te\u010dn\u011b von\u00ed a vy, kte\u0159\u00ed zimu nesn\u00e1\u0161\u00edte a byli jste cel\u00e9 m\u011bs\u00edce zalezl\u00ed doma, se nyn\u00ed u\u017e neskute\u010dn\u011b t\u011b\u0161\u00edte na proch\u00e1zky pu\u010d\u00edc\u00ed a ra\u0161\u00edc\u00ed [&hellip;]","datePublished":"2022-01-15","dateModified":"2023-04-29","author":{"@type":"Person","@id":"https:\/\/www.ahmcr.cz\/author\/#Person","name":"","url":"https:\/\/www.ahmcr.cz\/author\/","identifier":1,"image":{"@type":"ImageObject","@id":"https:\/\/secure.gravatar.com\/avatar\/2dfb47fe8ef5e1795dc8fdf9fc01f7f6e0de0c5b588d6a35abd2f00b6a65d2be?s=96&d=mm&r=g","url":"https:\/\/secure.gravatar.com\/avatar\/2dfb47fe8ef5e1795dc8fdf9fc01f7f6e0de0c5b588d6a35abd2f00b6a65d2be?s=96&d=mm&r=g","height":96,"width":96}},"publisher":{"@type":"Organization","name":"ahmcr.cz","logo":{"@type":"ImageObject","@id":"\/logo.png","url":"\/logo.png","width":600,"height":60}},"image":{"@type":"ImageObject","@id":"https:\/\/www.ahmcr.cz\/wp-content\/uploads\/hp1_3.jpg","url":"https:\/\/www.ahmcr.cz\/wp-content\/uploads\/hp1_3.jpg","height":0,"width":0},"url":"https:\/\/www.ahmcr.cz\/uzasne-ubytovani-cervena-voda\/","about":["Podnik\u00e1n\u00ed"],"wordCount":410,"articleBody":"   P\u0159edstavte si tu atmosf\u00e9ru. Je jaro. Pt\u00e1\u010dci \u0161t\u011bbetaj\u00ed, stromy obr\u016fstaj\u00ed, tr\u00e1va ra\u0161\u00ed. Venku v\u0161echno tak n\u011bjak sv\u00e1te\u010dn\u011b von\u00ed a vy, kte\u0159\u00ed zimu nesn\u00e1\u0161\u00edte a byli jste cel\u00e9 m\u011bs\u00edce zalezl\u00ed doma, se nyn\u00ed u\u017e neskute\u010dn\u011b t\u011b\u0161\u00edte na proch\u00e1zky pu\u010d\u00edc\u00ed a ra\u0161\u00edc\u00ed p\u0159\u00edrodou. \u017d\u00e1dn\u00e1 zima, sn\u00edh a mr\u00e1z, to prost\u011b nen\u00ed nic pro v\u00e1s, ale jarn\u00ed po\u010das\u00ed v\u00e1s dost\u00e1v\u00e1 doslova do kolen a u\u017e jste na\u0161l\u00e1pnut\u00ed vyrazit. Milujete ty zelen\u00e9 v\u00fdhledy, str\u00e1n\u011b a kopce, lesy, chcete se zbavit toho v\u011b\u010dn\u00e9ho m\u011bstsk\u00e9ho ruchu, bl\u00e1zince, shonu, houf\u016f lid\u00ed, tla\u010denic, prost\u011b jen vy, rodina nebo p\u0159\u00e1tel\u00e9, klid a pohoda v netknut\u00e9 p\u0159\u00edrod\u011b. Pokud se v t\u00e9to kategorii rekreant\u016f ocit\u00e1te, v\u011bzte, \u017ee pro v\u00e1s m\u00e1me u\u017e nachystan\u00e9 skv\u011bl\u00e9 ubytov\u00e1n\u00ed v \u010cerven\u00e9 vod\u011b Hpapartmany.cz v apartm\u00e1nech, kter\u00e9 disponuj\u00ed jedine\u010dn\u00fdm v\u00fdhledem do okoln\u00ed krajiny. M\u016f\u017eete l\u00e9\u010dit sv\u00e9 p\u0159epjat\u00e9 nervy v poklidu m\u00edstn\u00ed pohodov\u00e9 atmosf\u00e9ry, vyr\u00e1\u017eet ne v\u00fdlety do p\u0159ilehl\u00e9ho okol\u00ed, relaxovat na terase s b\u00e1je\u010dn\u00fdm v\u00fdhledem, nebo si p\u0159ipravit, po kr\u00e1sn\u00e9 proch\u00e1zce v les\u00edch, n\u011bjakou pochoutku v kompletn\u011b vybaven\u00e9 kuchy\u0148ce, kterou disponuje ka\u017ed\u00fd apartm\u00e1n. Samoz\u0159ejmost\u00ed je sign\u00e1l wifi, tak\u017ee si nebudete ani p\u0159ipadat od\u0159\u00edzli od \u017eivotn\u00ed reality, samostatn\u00e9 WC a v\u0161echny apartm\u00e1ny jsou opravdu po rekonstrukci modern\u011b \u0159e\u0161eny.Kdyby se p\u0159eci jen hodn\u011b rozpr\u0161elo, nav\u0161tivte l\u00e1zn\u011b Velk\u00e9 Losiny, kde krom\u011b \u00fato\u010di\u0161t\u011b p\u0159ed de\u0161t\u011bm najdete i pohodu v podob\u011b l\u00e1ze\u0148sk\u00fdch procedur. M\u00e1te-li syny, ur\u010dit\u011b nav\u0161tivte vojensk\u00e9 muzeum Kr\u00e1l\u00edky, tam se kluk\u016fm bude zaru\u010den\u011b l\u00edbit a vydat se m\u016f\u017eete i p\u0159es hranici, t\u0159eba na n\u00e1kupy, do Polska. Prost\u011b tady se nudit nebudete, a\u010dkoli budete mimo nejv\u011bt\u0161\u00ed turistick\u00fd ruch, m\u016f\u017eete volit z poklidn\u00fdch dn\u016f s rodinou, kde si oddechnete od m\u011bstsk\u00e9ho chaotick\u00e9ho zp\u016fsobu \u017eivota a dn\u016f, kdy vyraz\u00edte na v\u00fdlety do bl\u00edzk\u00e9ho i vzd\u00e1len\u011bj\u0161\u00edho okol\u00ed. Objednejte pobyt te\u010f, z\u00edtra u\u017e nemus\u00ed b\u00fdt v term\u00ednu va\u0161\u00ed napl\u00e1novan\u00e9 dovolen\u00e9 voln\u00fd.                                                                                                                                                                                                                                                                                                                                                                                         4\/5 - (1 vote)        "},{"@context":"https:\/\/schema.org\/","@type":"BreadcrumbList","itemListElement":[{"@type":"ListItem","position":1,"name":"\u00da\u017easn\u00e9 ubytov\u00e1n\u00ed \u010cerven\u00e1 voda.","item":"https:\/\/www.ahmcr.cz\/uzasne-ubytovani-cervena-voda\/#breadcrumbitem"}]}]