[{"@context":"https:\/\/schema.org\/","@type":"Article","@id":"https:\/\/www.ahmcr.cz\/vyroba-jako-zaklad-nasich-zivotu\/#Article","mainEntityOfPage":"https:\/\/www.ahmcr.cz\/vyroba-jako-zaklad-nasich-zivotu\/","headline":"V\u00fdroba jako z\u00e1klad na\u0161ich \u017eivot\u016f","name":"V\u00fdroba jako z\u00e1klad na\u0161ich \u017eivot\u016f","description":"Ka\u017ed\u00fd z n\u00e1s pot\u0159ebuje ke sv\u00e9mu \u017eivotu pon\u011bkud rozd\u00edln\u00e9 v\u011bci, co\u017e je zp\u016fsobeno https:\/\/ifenomen.cz\/veda\/rakovina-vas-muze-postihnout-i-kdyz-zijete-zdrave zejm\u00e9na t\u00edm, \u017ee ka\u017ed\u00fd obyvatel na\u0161\u00ed republiky m\u00e1 rozd\u00edln\u00e9 po\u017eadavky na \u017eivot. Av\u0161ak i tak existuje n\u011bco, co n\u00e1s spojuje, a t\u00edm je fakt, \u017ee stoj\u00edme [&hellip;]","datePublished":"2020-02-07","dateModified":"2023-04-29","author":{"@type":"Person","@id":"https:\/\/www.ahmcr.cz\/author\/#Person","name":"","url":"https:\/\/www.ahmcr.cz\/author\/","identifier":1,"image":{"@type":"ImageObject","@id":"https:\/\/secure.gravatar.com\/avatar\/2dfb47fe8ef5e1795dc8fdf9fc01f7f6e0de0c5b588d6a35abd2f00b6a65d2be?s=96&d=mm&r=g","url":"https:\/\/secure.gravatar.com\/avatar\/2dfb47fe8ef5e1795dc8fdf9fc01f7f6e0de0c5b588d6a35abd2f00b6a65d2be?s=96&d=mm&r=g","height":96,"width":96}},"publisher":{"@type":"Organization","name":"ahmcr.cz","logo":{"@type":"ImageObject","@id":"\/logo.png","url":"\/logo.png","width":600,"height":60}},"image":{"@type":"ImageObject","@id":"https:\/\/www.ahmcr.cz\/wp-content\/uploads\/img_a376068_w4400_t1587537624.jpg","url":"https:\/\/www.ahmcr.cz\/wp-content\/uploads\/img_a376068_w4400_t1587537624.jpg","height":0,"width":0},"url":"https:\/\/www.ahmcr.cz\/vyroba-jako-zaklad-nasich-zivotu\/","about":["N\u00e1kupy"],"wordCount":470,"articleBody":"        Ka\u017ed\u00fd z n\u00e1s pot\u0159ebuje ke sv\u00e9mu \u017eivotu pon\u011bkud rozd\u00edln\u00e9 v\u011bci, co\u017e je zp\u016fsobeno  https:\/\/ifenomen.cz\/veda\/rakovina-vas-muze-postihnout-i-kdyz-zijete-zdrave zejm\u00e9na t\u00edm, \u017ee ka\u017ed\u00fd obyvatel na\u0161\u00ed republiky m\u00e1 rozd\u00edln\u00e9 po\u017eadavky na \u017eivot. Av\u0161ak i tak existuje n\u011bco, co n\u00e1s spojuje, a t\u00edm je fakt, \u017ee stoj\u00edme o jak\u00e9koliv v\u011bci, kter\u00e9 n\u00e1m usnadn\u00ed \u017eivot. D\u00edky tomu toti\u017e z\u00edsk\u00e1me n\u011bjakou tu chvilku pro sebe, co\u017e se jist\u011b hod\u00ed, jeliko\u017e ji m\u016f\u017eeme vyu\u017e\u00edt tak, jak se n\u00e1m to zrovna hod\u00ed. V\u017edy v\u0161ak nen\u00ed vhodn\u00e9 myslet jen na sebe, a to zejm\u00e9na z toho d\u016fvodu, \u017ee z\u00e1klad spole\u010dnosti netvo\u0159\u00ed nikdy jedinec s\u00e1m, sp\u00ed\u0161e se jedn\u00e1 o jakousi skupinu. P\u0159eci jen, dva jsou v\u017edy v\u00edce, ne\u017e jeden \u2013 v\u017edy tomu tak bylo, a v\u017edy tomu tak tak\u00e9 bude. Ji\u017e \u0159e\u010den\u00e1 skupina by si v\u0161ak b\u011bhem \u017eivota m\u011bla pom\u00e1hat, a to hned z n\u011bkolika d\u016fvod\u016f. Zejm\u00e9na jde o skute\u010dnost, \u017ee ka\u017ed\u00fd \u010dlov\u011bk rozum\u00ed n\u011b\u010demu jin\u00e9mu, a kdy\u017e si tak nech\u00e1te poradit od odborn\u00edka, tak jist\u011b ne\u0161l\u00e1pnete vedle. D\u00e1le m\u016f\u017ee j\u00edt kup\u0159\u00edkladu o to, \u017ee ka\u017ed\u00fd z n\u00e1s \u0159e\u0161\u00ed probl\u00e9my pon\u011bkud jinak, a tak je mo\u017en\u00e9, \u017ee se v\u00e1m bude l\u00edbit \u0159e\u0161en\u00ed n\u011bkoho jin\u00e9ho. Vz\u00e1jemn\u00e1 pomoc ale tak\u00e9 vede k prohlubov\u00e1n\u00ed mezilidsk\u00fdch kontakt\u016f, co\u017e znamen\u00e1, \u017ee nikdy nev\u00edte, jak se sezn\u00e1m\u00edte se svou nejlep\u0161\u00ed kamar\u00e1dkou, nebo dokonce s mu\u017eem \u010di \u017eenou va\u0161ich sn\u016f. Je tak\u00e9 klidn\u011b mo\u017en\u00e9, \u017ee se s n\u011bjakou takovou osobou sezn\u00e1m\u00edte zejm\u00e9na v p\u0159\u00edpad\u011b, kdy se budete zaj\u00edmat modulov\u00e9 fr\u00e9zy, kter\u00e9 ke sv\u00e9mu \u017eivotu pot\u0159ebujete zejm\u00e9na z toho d\u016fvodu, abyste vyrobili v\u011bci pro druh\u00e9. Je tak tedy vid\u011bt, \u017ee pr\u00e1v\u011b tyto v\u011bci slou\u017e\u00ed nejen v\u00e1m, ale i ostatn\u00edm, co\u017e je naprosto skv\u011bl\u00e1 zpr\u00e1va. V\u0161ichni bychom si tak m\u011bli uv\u011bdomit, \u017ee je naprosto b\u00e1je\u010dn\u00e9, kdy\u017e m\u00e1me \u0161anci k tomu, abychom ud\u011blali n\u011bco, co prosp\u011bje nejen n\u00e1m samotn\u00fdm, ale i je to u\u017eite\u010dn\u00e9 i pro na\u0161e okol\u00ed. M\u011bli bychom si uv\u011bdomit, \u017ee bez vz\u00e1jemn\u00e9 pomoci by byl \u017eivot mnohem slo\u017eit\u011bj\u0161\u00ed, a to p\u0159eci nechce nikdo z n\u00e1s! Poj\u010fme se tak tedy v\u0161ichni sna\u017eit zp\u0159\u00edjemnit \u017eivot ostatn\u00edm, jeliko\u017e nikdo z n\u00e1s nev\u00ed, kdy takovou pomoc budeme pot\u0159ebovat my sami.                                                                                                                                                                                                                                                                                                                                                                                          4.2\/5 - (5 votes)        "},{"@context":"https:\/\/schema.org\/","@type":"BreadcrumbList","itemListElement":[{"@type":"ListItem","position":1,"name":"V\u00fdroba jako z\u00e1klad na\u0161ich \u017eivot\u016f","item":"https:\/\/www.ahmcr.cz\/vyroba-jako-zaklad-nasich-zivotu\/#breadcrumbitem"}]}]