[{"@context":"https:\/\/schema.org\/","@type":"Article","@id":"https:\/\/www.ahmcr.cz\/zeny-hrdinky\/#Article","mainEntityOfPage":"https:\/\/www.ahmcr.cz\/zeny-hrdinky\/","headline":"\u017deny hrdinky","name":"\u017deny hrdinky","description":"P\u0159ed p\u00e1r dny byl Mezin\u00e1rodn\u00ed den \u017een. V\u0161ichni v\u00edme, \u017ee tento den existuje a v\u011bt\u0161ina z n\u00e1s ho i slav\u00ed.\u00a0Ale zda-li pak v\u00edme, pro\u010d se slav\u00ed?! Jist\u011b, m\u016f\u017eeme si to dohledat na internetu, ale tato my\u0161lenka m\u011b p\u0159iv\u00e1d\u00ed k tomu, [&hellip;]","datePublished":"2022-03-17","dateModified":"2023-04-29","author":{"@type":"Person","@id":"https:\/\/www.ahmcr.cz\/author\/#Person","name":"","url":"https:\/\/www.ahmcr.cz\/author\/","identifier":1,"image":{"@type":"ImageObject","@id":"https:\/\/secure.gravatar.com\/avatar\/2dfb47fe8ef5e1795dc8fdf9fc01f7f6e0de0c5b588d6a35abd2f00b6a65d2be?s=96&d=mm&r=g","url":"https:\/\/secure.gravatar.com\/avatar\/2dfb47fe8ef5e1795dc8fdf9fc01f7f6e0de0c5b588d6a35abd2f00b6a65d2be?s=96&d=mm&r=g","height":96,"width":96}},"publisher":{"@type":"Organization","name":"ahmcr.cz","logo":{"@type":"ImageObject","@id":"\/logo.png","url":"\/logo.png","width":600,"height":60}},"image":{"@type":"ImageObject","@id":"https:\/\/www.ahmcr.cz\/wp-content\/uploads\/jewellery-g131da007d_640_1.jpg","url":"https:\/\/www.ahmcr.cz\/wp-content\/uploads\/jewellery-g131da007d_640_1.jpg","height":0,"width":0},"url":"https:\/\/www.ahmcr.cz\/zeny-hrdinky\/","about":["\u017deny"],"wordCount":420,"articleBody":"\tP\u0159ed p\u00e1r dny byl Mezin\u00e1rodn\u00ed den \u017een. V\u0161ichni v\u00edme, \u017ee tento den existuje a v\u011bt\u0161ina z n\u00e1s ho i slav\u00ed.\u00a0Ale zda-li pak v\u00edme, pro\u010d se slav\u00ed?! Jist\u011b, m\u016f\u017eeme si to dohledat na internetu, ale tato my\u0161lenka m\u011b p\u0159iv\u00e1d\u00ed k tomu, \u017ee kdybych te\u010f \u0161la po ulici a zeptala se sp\u00ed\u0161e t\u011bch mlad\u0161\u00edch ( 20 &#8211; 35let ), tak skoro nikdo z nich tuto informaci nebude v\u011bd\u011bt. Nen\u00ed se, ale \u010demu divit, kdy\u017e spole\u010dnost sv\u00e1tek propaguje jako komer\u010dn\u00ed v\u011bc.\u00a0Jsou v\u0161ude vid\u011bt spousty plak\u00e1t\u016f a let\u00e1k\u016f, kter\u00e9 nab\u00e1daj\u00ed \u00a0Tak tedy jen kr\u00e1tce n\u011bco o historii. k n\u00e1kupu \u010dehokoliv, co pot\u011b\u0161\u00ed \u017eenu. \u00a0 \u00a0 \u00a0\u00a0\t\t\u00a0\tA bohu\u017eel kv\u016fli tomu je \u00a0podstata tohoto sv\u00e1tku dnes \u00fapln\u011b jinde, ne\u017e d\u016fvod pro\u010d vlastn\u011b vznikl. Sv\u00e1tek vznikl d\u00edky st\u00e1vce \u0161vadlen z USA, kter\u00e9 t\u00edm bojovali za volebn\u00ed pr\u00e1vo \u017een a samoz\u0159ejm\u011b t\u00e9\u017e za rovnopr\u00e1vnost. Pro n\u011bkter\u00e9 to jist\u011b bude zaj\u00edmav\u00e1 novinka, tak p\u0159id\u00e1me je\u0161t\u011b jednu zaj\u00edmavost, a\u0165 se m\u016f\u017eeme divit. Tento sv\u00e1tek ji\u017e nen\u00ed sv\u00e1tek, tedy alespo\u0148 ne st\u00e1tem uznan\u00fd a to ji\u017e od roku 1990. Naopak v jin\u00fdch zem\u00edch se jedn\u00e1 o dost v\u00fdznamn\u00fd sv\u00e1tek. M\u011b osobn\u011b \u0161tve, \u017ee od mu\u017e\u016f se v ten den o\u010dek\u00e1v\u00e1, \u017ee \u017een\u00e1m koup\u00ed n\u011bjakou tu kv\u011btinu nebo bonboni\u00e9ru, pop\u0159\u00edpad\u011b \u0161perk. Sv\u016fj \u00fa\u010del tato ud\u00e1lost splnila a proto si mysl\u00edm, \u017ee pohled na tento den nen\u00ed zcela spr\u00e1vn\u00fd.\u00a0 \u00a0 \u00a0 \u00a0 \u00a0 \u00a0 \u00a0 \u00a0 \u00a0 \u00a0 \u00a0 \u00a0 \u00a0 \u00a0 \u00a0 \u00a0 \u00a0 \u00a0 \u00a0 \u00a0 \u00a0 \u00a0 \u00a0 \u00a0 \u00a0 \u00a0 \u00a0 \u00a0 \u00a0 \u00a0 \u00a0 \u00a0 \u00a0 \u00a0 \u00a0 \u00a0 \u00a0 \u00a0 \u00a0 \u00a0 \u00a0 \u00a0 \u00a0 \u00a0 \u00a0 \u00a0 \u00a0 \u00a0 \u00a0 \u00a0 \u00a0 \u00a0 \u00a0 \u00a0 \u00a0 \u00a0 \u00a0 \u00a0 \u00a0 \u00a0 \u00a0 \u00a0 \u00a0 \u00a0 \u00a0 \u00a0 \u00a0\t\tDo tohoto n\u00e1zoru nezahrnuju organizace a r\u016fzn\u00e1 hnut\u00ed. Ty to vn\u00edmaj\u00ed zase po sv\u00e9m a mnohokr\u00e1t napom\u00e1haj\u00ed spole\u010dnosti k jin\u00e9mu my\u0161len\u00ed. Proto bych mo\u017en\u00e1 brala MD\u017d jako oslavu toho, \u017ee ji\u017e \u017eeny maj\u00ed volebn\u00ed pr\u00e1vo, sm\u00ed projevit svobodn\u011b sv\u016fj n\u00e1zor, mohou vykon\u00e1vat stejn\u00e9 zam\u011bstn\u00e1n\u00ed jako mu\u017ei a i v dom\u00e1cnosti u\u017e neplat\u00ed, \u017ee jen \u017eena pat\u0159\u00ed do kuchyn\u011b.\u00a0Cht\u011bla jsem t\u00edm \u0159\u00edct, pokud mu\u017e zapomene p\u0159in\u00e9st onen om\u00edlan\u00fd dar, tak se na n\u011bho nezlobme. Darem by n\u00e1m m\u011blo b\u00fdt, \u017ee se k n\u00e1m mu\u017e chov\u00e1 s respektem a \u00factou. Ka\u017ed\u00fd si z toho stejn\u011b vezme to sv\u00e9, ale \u017eeny kter\u00e9 vedly tu st\u00e1vku, tak jsou v m\u00fdch o\u010d\u00edch hrdinky.\u00a0                                                                                                                                                                                                                                                                                                                                                                                        3.7\/5 - (8 votes)        "},{"@context":"https:\/\/schema.org\/","@type":"BreadcrumbList","itemListElement":[{"@type":"ListItem","position":1,"name":"\u017deny hrdinky","item":"https:\/\/www.ahmcr.cz\/zeny-hrdinky\/#breadcrumbitem"}]}]